{"id":406,"date":"2018-06-13T17:00:04","date_gmt":"2018-06-13T17:00:04","guid":{"rendered":"http:\/\/www.fengshuitradycyjne.pl\/blog\/?p=406"},"modified":"2018-07-01T21:43:03","modified_gmt":"2018-07-01T21:43:03","slug":"wyklad-o-feng-shui-i-ba-zi-na-festiwalu-wibracje","status":"publish","type":"post","link":"http:\/\/www.fengshuitradycyjne.pl\/blog\/2018\/06\/13\/wyklad-o-feng-shui-i-ba-zi-na-festiwalu-wibracje\/","title":{"rendered":"Wyk\u0142ad o Feng Shui i Ba Zi"},"content":{"rendered":"<p>Jaki\u015b czas temu, zadzwoni\u0142 do mnie organizator Festiwalu Wibracje z propozycj\u0105 poprowadzenia wyk\u0142adu o Feng Shui, co wyda\u0142o mi si\u0119 ciekaw\u0105 propozycj\u0105 a zarazem wyzwaniem, poniewa\u017c to mia\u0142 by\u0107 m\u00f3j debiut w roli wyk\u0142adowcy. Postanowi\u0142em podj\u0105\u0107 t\u0119 r\u0119kawic\u0119, cho\u0107 przyznam, \u017ce trema towarzyszy\u0142a mi do samego ko\u0144ca wyk\u0142adu. \ud83d\ude42<\/p>\n<p><img decoding=\"async\" loading=\"lazy\" class=\"alignleft wp-image-408 size-medium\" src=\"http:\/\/www.fengshuitradycyjne.pl\/blog\/wp-content\/uploads\/2018\/06\/wibracje-300x129.jpg\" alt=\"festiwal wibracje \" width=\"300\" height=\"129\" srcset=\"http:\/\/www.fengshuitradycyjne.pl\/blog\/wp-content\/uploads\/2018\/06\/wibracje-300x129.jpg 300w, http:\/\/www.fengshuitradycyjne.pl\/blog\/wp-content\/uploads\/2018\/06\/wibracje-768x329.jpg 768w, http:\/\/www.fengshuitradycyjne.pl\/blog\/wp-content\/uploads\/2018\/06\/wibracje-1024x439.jpg 1024w\" sizes=\"(max-width: 300px) 100vw, 300px\" \/><\/p>\n<p>Takim oto sposobem znalaz\u0142em si\u0119 w\u015br\u00f3d oko\u0142o osiemdziesi\u0119ciu prelegent\u00f3w z Polski i zagranicy na tym fantastycznym festiwalu, gdzie spotka\u0142o si\u0119 mn\u00f3stwo ciekawych osobowo\u015bci ze \u015bwiata medycyny, medycyny naturalnej, psychologii, wielu dziedzin nauki, psychotroniki, a w\u015br\u00f3d nich przedstawiciele znanej fundacji Nautilus, kt\u00f3ra zajmuje si\u0119 zjawiskami niewyja\u015bnionymi.<br \/>\nJa by\u0142em jedynym prelegentem, reprezentuj\u0105cym tematyk\u0119 Feng Shui, co by\u0142o dla mnie du\u017cym wyr\u00f3\u017cnieniem.<\/p>\n<p><img decoding=\"async\" loading=\"lazy\" class=\"alignleft wp-image-409 size-medium\" src=\"http:\/\/www.fengshuitradycyjne.pl\/blog\/wp-content\/uploads\/2018\/06\/jezioro-300x225.jpg\" alt=\"Jezioro Zegrzy\u0144skie\" width=\"300\" height=\"225\" srcset=\"http:\/\/www.fengshuitradycyjne.pl\/blog\/wp-content\/uploads\/2018\/06\/jezioro-300x225.jpg 300w, http:\/\/www.fengshuitradycyjne.pl\/blog\/wp-content\/uploads\/2018\/06\/jezioro-768x576.jpg 768w, http:\/\/www.fengshuitradycyjne.pl\/blog\/wp-content\/uploads\/2018\/06\/jezioro.jpg 960w\" sizes=\"(max-width: 300px) 100vw, 300px\" \/><\/p>\n<p>&nbsp;<\/p>\n<p>&nbsp;<\/p>\n<p>Festiwal Wibracje w tym roku by\u0142 drug\u0105 edycj\u0105 tej imprezy, kt\u00f3ra r\u00f3wnie\u017c trwa\u0142a cztery dni, odbywaj\u0105c si\u0119 na dw\u00f3ch scenach plenerowych oraz trzech nowoczesnych salach konferencyjnych zlokalizowanych w trzygwiazdkowym hotelu nad brzegiem przepi\u0119knego Zalewu Zegrzy\u0144skiego w Serocku. W tamtym roku impreza przyci\u0105g\u0142a ponad trzy tysi\u0105ce os\u00f3b, a podobno w tym znacznie wi\u0119cej, co by\u0142o zas\u0142ug\u0105 licznych koncert\u00f3w, wyk\u0142ad\u00f3w, warsztat\u00f3w, targ\u00f3w i wielu innych atrakcji.<\/p>\n<p>&nbsp;<\/p>\n<p><img decoding=\"async\" loading=\"lazy\" class=\"alignleft wp-image-410 size-medium\" src=\"http:\/\/www.fengshuitradycyjne.pl\/blog\/wp-content\/uploads\/2018\/06\/ja-i-wiktor-300x225.jpg\" alt=\"\" width=\"300\" height=\"225\" srcset=\"http:\/\/www.fengshuitradycyjne.pl\/blog\/wp-content\/uploads\/2018\/06\/ja-i-wiktor-300x225.jpg 300w, http:\/\/www.fengshuitradycyjne.pl\/blog\/wp-content\/uploads\/2018\/06\/ja-i-wiktor-768x576.jpg 768w, http:\/\/www.fengshuitradycyjne.pl\/blog\/wp-content\/uploads\/2018\/06\/ja-i-wiktor.jpg 960w\" sizes=\"(max-width: 300px) 100vw, 300px\" \/><\/p>\n<p>&nbsp;<\/p>\n<p>Nie mog\u0119 nie wspomnie\u0107 o moim nieocenionym asystencie, czyli synu Wiktorze, kt\u00f3ry czuwa\u0142 nad sprawami technicznymi, pomagaj\u0105c mi w zainstalowaniu si\u0119 na sali wyk\u0142adowej, oraz robi\u0105c zdj\u0119cia i filmuj\u0105c m\u00f3j wyk\u0142ad.<br \/>\nBez jego wsparcia (r\u00f3wnie\u017c mentalnego), by\u0142o by ci\u0119\u017cko z realizacj\u0105 tego projektu.<\/p>\n<p>&nbsp;<\/p>\n<p>&nbsp;<\/p>\n<p><img decoding=\"async\" loading=\"lazy\" class=\"alignleft wp-image-431\" src=\"http:\/\/www.fengshuitradycyjne.pl\/blog\/wp-content\/uploads\/2018\/06\/wyk\u0142ad-1-300x199.jpg\" alt=\"\" width=\"500\" height=\"332\" srcset=\"http:\/\/www.fengshuitradycyjne.pl\/blog\/wp-content\/uploads\/2018\/06\/wyk\u0142ad-1-300x199.jpg 300w, http:\/\/www.fengshuitradycyjne.pl\/blog\/wp-content\/uploads\/2018\/06\/wyk\u0142ad-1-768x510.jpg 768w, http:\/\/www.fengshuitradycyjne.pl\/blog\/wp-content\/uploads\/2018\/06\/wyk\u0142ad-1.jpg 1000w\" sizes=\"(max-width: 500px) 100vw, 500px\" \/>Moja prelekcja by\u0142a zaplanowana na niedzielne popo\u0142udnie, jako ostatni wyk\u0142ad, tu\u017c po wyk\u0142adzie o telepatii Ryszarda G\u0105sierkiewicza, kt\u00f3ry mia\u0142 go poprowadzi\u0107 ze swoim d\u0142ugoletnim przyjacielem i znanym w Polsce filozofem, naukowcem, astrologiem, psychotronikiem i badaczem zjawisk paranormalnych, W\u0142odzimierzem Zybertalem, kt\u00f3ry niestety niedawno zmar\u0142.<\/p>\n<p>Dzi\u0119ki temu, \u017ce m\u00f3j wyk\u0142ad by\u0142 ostatni w kolejno\u015bci, mia\u0142em ten komfort, \u017ce nie musia\u0142em skrupulatnie kontrolowa\u0107 p\u00f3\u0142toragodzinnego czasu, jaki dosta\u0142em od organizator\u00f3w. To w po\u0142\u0105czeniu ze wspania\u0142\u0105 publiczno\u015bci\u0105, kt\u00f3ra zadawa\u0142a liczne pytania, spowodowa\u0142o, \u017ce m\u00f3j wyk\u0142ad przeci\u0105gn\u0105\u0142 si\u0119 do ponad trzech godzin! :-0<\/p>\n<p>&nbsp;<\/p>\n<p><img decoding=\"async\" loading=\"lazy\" class=\"alignleft wp-image-411\" src=\"http:\/\/www.fengshuitradycyjne.pl\/blog\/wp-content\/uploads\/2018\/06\/cala-sala-300x199.jpg\" alt=\"Publiczno\u015bc wyk\u0142adu o Feng Shui\" width=\"500\" height=\"332\" srcset=\"http:\/\/www.fengshuitradycyjne.pl\/blog\/wp-content\/uploads\/2018\/06\/cala-sala-300x199.jpg 300w, http:\/\/www.fengshuitradycyjne.pl\/blog\/wp-content\/uploads\/2018\/06\/cala-sala-768x510.jpg 768w, http:\/\/www.fengshuitradycyjne.pl\/blog\/wp-content\/uploads\/2018\/06\/cala-sala.jpg 1000w\" sizes=\"(max-width: 500px) 100vw, 500px\" \/><\/p>\n<p>&nbsp;<\/p>\n<p>Z racji p\u00f3\u017anej pory i powoli ko\u0144cz\u0105cego si\u0119 czterodniowego festiwalu, mia\u0142em pewn\u0105 obaw\u0119, \u017ce publiczno\u015b\u0107 mo\u017ce nie dopisa\u0107 w takim stopniu jak na innych wyk\u0142adach &#8230;<\/p>\n<p>ale bardzo przyjemnie si\u0119 pomyli\u0142em, goszcz\u0105c na swoim debiutanckim\u00a0 wyk\u0142adzie oko\u0142o osiemdziesi\u0119cioosobow\u0105 publik\u0119. \ud83d\ude42<\/p>\n<p>&nbsp;<\/p>\n<p>Na wyk\u0142adzie przedstawi\u0142em informacje o Feng Shui Tradycyjnym, oraz\u00a0 o mitach i zabobonach, kt\u00f3re wypaczaj\u0105 opini\u0119 na temat tej po\u017cytecznej dyscypliny. Du\u017cym zainteresowaniem cieszy\u0142 si\u0119 te\u017c temat o projektowaniu dom\u00f3w, firm i innych obiekt\u00f3w, wed\u0142ug zasad Feng Shui.<br \/>\n<img decoding=\"async\" loading=\"lazy\" class=\"alignleft wp-image-413\" src=\"http:\/\/www.fengshuitradycyjne.pl\/blog\/wp-content\/uploads\/2018\/06\/fs-300x232.jpg\" alt=\"Feng Shui bez mit\u00f3w i zabobon\u00f3w\" width=\"500\" height=\"386\" srcset=\"http:\/\/www.fengshuitradycyjne.pl\/blog\/wp-content\/uploads\/2018\/06\/fs-300x232.jpg 300w, http:\/\/www.fengshuitradycyjne.pl\/blog\/wp-content\/uploads\/2018\/06\/fs-768x593.jpg 768w, http:\/\/www.fengshuitradycyjne.pl\/blog\/wp-content\/uploads\/2018\/06\/fs.jpg 1000w\" sizes=\"(max-width: 500px) 100vw, 500px\" \/><\/p>\n<p>M\u00f3wi\u0142em te\u017c o astrologii Ba Zi (Czterech Filar\u00f3w Przeznaczenia) i jej wielu zastosowaniach w codziennym \u017cyciu, \u0142\u0105cznie ze wspomaganiem medycyny klasycznej oraz psychologi.<\/p>\n<p><img decoding=\"async\" loading=\"lazy\" class=\"alignleft wp-image-415\" src=\"http:\/\/www.fengshuitradycyjne.pl\/blog\/wp-content\/uploads\/2018\/06\/bazi-300x199.jpg\" alt=\"Wyk\u0142ad o astrologii chi\u0144skiej Ba Zi\" width=\"500\" height=\"332\" srcset=\"http:\/\/www.fengshuitradycyjne.pl\/blog\/wp-content\/uploads\/2018\/06\/bazi-300x199.jpg 300w, http:\/\/www.fengshuitradycyjne.pl\/blog\/wp-content\/uploads\/2018\/06\/bazi-768x510.jpg 768w, http:\/\/www.fengshuitradycyjne.pl\/blog\/wp-content\/uploads\/2018\/06\/bazi.jpg 1000w\" sizes=\"(max-width: 500px) 100vw, 500px\" \/><\/p>\n<p>&nbsp;<\/p>\n<p>Na koniec przedstawi\u0142em swoj\u0105 autorsk\u0105 prognoz\u0119 na rok 2018 (Rok Ziemnego Psa), kt\u00f3r\u0105 napisa\u0142em w styczniu, wobec tego uczestnicy mogli zauwa\u017cy\u0107, \u017ce wiele z tych zapowiedzi ju\u017c si\u0119 zdarzy\u0142o.<\/p>\n<p><img decoding=\"async\" loading=\"lazy\" class=\"alignleft wp-image-412\" src=\"http:\/\/www.fengshuitradycyjne.pl\/blog\/wp-content\/uploads\/2018\/06\/po_wyk\u0142adzie-300x199.jpg\" alt=\"Prognoza na Rok 2018 czuli Rok Ziemnego Psa\" width=\"500\" height=\"332\" srcset=\"http:\/\/www.fengshuitradycyjne.pl\/blog\/wp-content\/uploads\/2018\/06\/po_wyk\u0142adzie-300x199.jpg 300w, http:\/\/www.fengshuitradycyjne.pl\/blog\/wp-content\/uploads\/2018\/06\/po_wyk\u0142adzie-768x510.jpg 768w, http:\/\/www.fengshuitradycyjne.pl\/blog\/wp-content\/uploads\/2018\/06\/po_wyk\u0142adzie.jpg 1000w\" sizes=\"(max-width: 500px) 100vw, 500px\" \/><\/p>\n<p>&nbsp;<\/p>\n<p>Po zako\u0144czeniu wyk\u0142adu by\u0142o mn\u00f3stwo pyta\u0144 i podzi\u0119kowa\u0144, co dodatkowo przed\u0142u\u017cy\u0142o m\u00f3j pobyt, ale satysfakcja w pe\u0142ni wynagrodzi\u0142a zm\u0119czenie.<\/p>\n<p>&nbsp;<\/p>\n<p>Dzi\u0119kuj\u0119 wszystkim uczestnikom wyk\u0142adu oraz organizatorom i do nast\u0119pnego razu!\u00a0 \ud83d\ude09<\/p>\n","protected":false},"excerpt":{"rendered":"<p>Jaki\u015b czas temu, zadzwoni\u0142 do mnie organizator Festiwalu Wibracje z propozycj\u0105 poprowadzenia wyk\u0142adu o Feng Shui, co wyda\u0142o mi si\u0119 ciekaw\u0105 propozycj\u0105 a zarazem wyzwaniem, poniewa\u017c to mia\u0142 by\u0107 m\u00f3j debiut w roli wyk\u0142adowcy. Postanowi\u0142em podj\u0105\u0107 t\u0119 r\u0119kawic\u0119, cho\u0107 przyznam, &hellip; <a href=\"http:\/\/www.fengshuitradycyjne.pl\/blog\/2018\/06\/13\/wyklad-o-feng-shui-i-ba-zi-na-festiwalu-wibracje\/\">Czytaj dalej <span class=\"meta-nav\">&rarr;<\/span><\/a><\/p>\n","protected":false},"author":1,"featured_media":414,"comment_status":"closed","ping_status":"closed","sticky":false,"template":"","format":"standard","meta":[],"categories":[1],"tags":[5,3,30],"_links":{"self":[{"href":"http:\/\/www.fengshuitradycyjne.pl\/blog\/wp-json\/wp\/v2\/posts\/406"}],"collection":[{"href":"http:\/\/www.fengshuitradycyjne.pl\/blog\/wp-json\/wp\/v2\/posts"}],"about":[{"href":"http:\/\/www.fengshuitradycyjne.pl\/blog\/wp-json\/wp\/v2\/types\/post"}],"author":[{"embeddable":true,"href":"http:\/\/www.fengshuitradycyjne.pl\/blog\/wp-json\/wp\/v2\/users\/1"}],"replies":[{"embeddable":true,"href":"http:\/\/www.fengshuitradycyjne.pl\/blog\/wp-json\/wp\/v2\/comments?post=406"}],"version-history":[{"count":15,"href":"http:\/\/www.fengshuitradycyjne.pl\/blog\/wp-json\/wp\/v2\/posts\/406\/revisions"}],"predecessor-version":[{"id":563,"href":"http:\/\/www.fengshuitradycyjne.pl\/blog\/wp-json\/wp\/v2\/posts\/406\/revisions\/563"}],"wp:featuredmedia":[{"embeddable":true,"href":"http:\/\/www.fengshuitradycyjne.pl\/blog\/wp-json\/wp\/v2\/media\/414"}],"wp:attachment":[{"href":"http:\/\/www.fengshuitradycyjne.pl\/blog\/wp-json\/wp\/v2\/media?parent=406"}],"wp:term":[{"taxonomy":"category","embeddable":true,"href":"http:\/\/www.fengshuitradycyjne.pl\/blog\/wp-json\/wp\/v2\/categories?post=406"},{"taxonomy":"post_tag","embeddable":true,"href":"http:\/\/www.fengshuitradycyjne.pl\/blog\/wp-json\/wp\/v2\/tags?post=406"}],"curies":[{"name":"wp","href":"https:\/\/api.w.org\/{rel}","templated":true}]}}