{"id":454,"date":"2019-02-24T21:20:45","date_gmt":"2019-02-24T20:20:45","guid":{"rendered":"http:\/\/www.fengshuitradycyjne.pl\/blog\/?p=454"},"modified":"2019-02-24T21:37:26","modified_gmt":"2019-02-24T20:37:26","slug":"audycja-o-feng-shui-czyli-moj-radiowy-debiut-w-polskim-radio","status":"publish","type":"post","link":"http:\/\/www.fengshuitradycyjne.pl\/blog\/2019\/02\/24\/audycja-o-feng-shui-czyli-moj-radiowy-debiut-w-polskim-radio\/","title":{"rendered":"Audycja o Feng Shui, czyli m\u00f3j radiowy debiut w Polskim Radio."},"content":{"rendered":"<p>W swojej rocznej prognozie na nowy chi\u0144ski Rok Ziemnej \u015awini zapowiada\u0142em, \u017ce b\u0119dzie to rok silnie zwi\u0105zany z mediami, o czym sam przekona\u0142em si\u0119 ju\u017c pierwszego dnia tego roku, dostaj\u0105c propozycj\u0119 wyst\u0105pienia w Warszawie w Polskim Radio &#8211; &#8220;Radio Dla Ciebie&#8221;.<\/p>\n<p>Propozycj\u0119 t\u0119 zawdzi\u0119czam redaktorowi programu &#8220;Mi\u0119dzy wschodem a zachodem&#8221;, Panu Jackowi Wanowi, dziennikarzowi, sinologowi, podr\u00f3\u017cnikowi i znawcy dalekiego wschodu, kt\u00f3ry co ciekawe, jest p\u00f3\u0142 krwi Chi\u0144czykiem. Takim o to sposobem na antenie radia, ukaza\u0142a si\u0119 audycja o Feng Shui z moim udzia\u0142em.<\/p>\n\n\n<figure class=\"wp-block-image\"><img decoding=\"async\" loading=\"lazy\" width=\"800\" height=\"600\" src=\"http:\/\/www.fengshuitradycyjne.pl\/blog\/wp-content\/uploads\/2019\/02\/radio.jpg\" alt=\"\" class=\"wp-image-455\" srcset=\"http:\/\/www.fengshuitradycyjne.pl\/blog\/wp-content\/uploads\/2019\/02\/radio.jpg 800w, http:\/\/www.fengshuitradycyjne.pl\/blog\/wp-content\/uploads\/2019\/02\/radio-300x225.jpg 300w, http:\/\/www.fengshuitradycyjne.pl\/blog\/wp-content\/uploads\/2019\/02\/radio-768x576.jpg 768w\" sizes=\"(max-width: 800px) 100vw, 800px\" \/><figcaption>Podczas audycji na \u017cywo w Radio Dla Ciebie<\/figcaption><\/figure>\n\n\n\n<h2><\/h2>\n\n\n<p>Jako radiowy debiutant, nie do ko\u0144ca wiedzia\u0142em, czego si\u0119 spodziewa\u0107, tym bardziej, \u017ce audycja mia\u0142a lecie\u0107 na \u017cywo. Nie ukrywam, \u017ce trema by\u0142a wielka, s\u0142ysz\u0105c jeszcze w g\u0142o\u015bnikach na radiowym korytarzu, jak nas zapowiedzia\u0142 ko\u0144cz\u0105cy swoj\u0105 muzyczn\u0105 audycj\u0119&nbsp; Roman Rogowiecki, z kt\u00f3rym chwil\u0119 p\u00f3\u017aniej witali\u015bmy si\u0119 wchodz\u0105c do studia.<\/p>\n<p>Oczywi\u015bcie wcze\u015bniej przygotowa\u0142em sobie jaki\u015b plan tego, o czym b\u0119d\u0119 chcia\u0142 opowiedzie\u0107, wszak podczas audycji na \u017cywo mo\u017cna zgubi\u0107 w\u0105tek, b\u0119d\u0105c do tego nie\u017ale stremowanym, ale&nbsp; przemi\u0142y prowadz\u0105cy Jacek Wan tak specyficznie zacz\u0105\u0142 audycj\u0119, \u017ce od\u0142o\u017cy\u0142em notatki i poszli\u015bmy na przys\u0142owiowy \u017cywio\u0142. \ud83d\ude09<\/p>\n<p>To by\u0142 chyba strza\u0142 w dziesi\u0105tk\u0119, poniewa\u017c po kilku chwilach ca\u0142kowicie zapomnia\u0142em, \u017ce jestem w radio, a godzinna audycja min\u0119\u0142a jakby trwa\u0142a kilka minut. Po zako\u0144czeniu, Pan Jacek stwierdzi\u0142 \u017ce ma niedosyt, bo tyle co rozkr\u0119cili\u015bmy temat, a ju\u017c trzeba by\u0142o ko\u0144czy\u0107 \ud83d\ude09<\/p>\n<p>Z tego powodu, pad\u0142a propozycja kontynuacji, wi\u0119c by\u0107 mo\u017ce za jaki\u015b czas zn\u00f3w b\u0119d\u0119 mia\u0142 zaszczyt na falach radiowych opowiedzie\u0107 o Feng Shui i mojej pracy.<\/p>\n<div style=\"width: 710px\" class=\"wp-caption alignnone\"><img decoding=\"async\" loading=\"lazy\" class=\"size-full\" src=\"https:\/\/www.rdc.pl\/wp-content\/uploads\/2019\/02\/zapo.jpg\" width=\"700\" height=\"342\"\/><p class=\"wp-caption-text\">Jacek Wan i W\u0142odzimierz Buli\u0144ski<\/p><\/div>\n<p>\u017ar\u00f3d\u0142o <a href=\"https:\/\/www.rdc.pl\/podcast\/miedzy-wschodem-a-zachodem-jacek-wan-feng-shui\/\">RDC<\/a><\/p>\n\n\n<figure class=\"wp-block-audio\"><audio controls src=\"https:\/\/www.fengshuiwlade.com\/media\"><\/audio><figcaption> Powy\u017cej zapis audycji z moim udzia\u0142em w Radio Dla Ciebie, w audycji Jacka wana &#8211; &#8220;Miedzy wschodem a zachodem&#8221;. <\/figcaption><\/figure>\n","protected":false},"excerpt":{"rendered":"<p>W swojej rocznej prognozie na nowy chi\u0144ski Rok Ziemnej \u015awini zapowiada\u0142em, \u017ce b\u0119dzie to rok silnie zwi\u0105zany z mediami, o czym sam przekona\u0142em si\u0119 ju\u017c pierwszego dnia tego roku, dostaj\u0105c propozycj\u0119 wyst\u0105pienia w Warszawie w Polskim Radio &#8211; &#8220;Radio Dla &hellip; <a href=\"http:\/\/www.fengshuitradycyjne.pl\/blog\/2019\/02\/24\/audycja-o-feng-shui-czyli-moj-radiowy-debiut-w-polskim-radio\/\">Czytaj dalej <span class=\"meta-nav\">&rarr;<\/span><\/a><\/p>\n","protected":false},"author":1,"featured_media":0,"comment_status":"closed","ping_status":"closed","sticky":false,"template":"","format":"standard","meta":[],"categories":[1],"tags":[37,3,11],"_links":{"self":[{"href":"http:\/\/www.fengshuitradycyjne.pl\/blog\/wp-json\/wp\/v2\/posts\/454"}],"collection":[{"href":"http:\/\/www.fengshuitradycyjne.pl\/blog\/wp-json\/wp\/v2\/posts"}],"about":[{"href":"http:\/\/www.fengshuitradycyjne.pl\/blog\/wp-json\/wp\/v2\/types\/post"}],"author":[{"embeddable":true,"href":"http:\/\/www.fengshuitradycyjne.pl\/blog\/wp-json\/wp\/v2\/users\/1"}],"replies":[{"embeddable":true,"href":"http:\/\/www.fengshuitradycyjne.pl\/blog\/wp-json\/wp\/v2\/comments?post=454"}],"version-history":[{"count":5,"href":"http:\/\/www.fengshuitradycyjne.pl\/blog\/wp-json\/wp\/v2\/posts\/454\/revisions"}],"predecessor-version":[{"id":460,"href":"http:\/\/www.fengshuitradycyjne.pl\/blog\/wp-json\/wp\/v2\/posts\/454\/revisions\/460"}],"wp:attachment":[{"href":"http:\/\/www.fengshuitradycyjne.pl\/blog\/wp-json\/wp\/v2\/media?parent=454"}],"wp:term":[{"taxonomy":"category","embeddable":true,"href":"http:\/\/www.fengshuitradycyjne.pl\/blog\/wp-json\/wp\/v2\/categories?post=454"},{"taxonomy":"post_tag","embeddable":true,"href":"http:\/\/www.fengshuitradycyjne.pl\/blog\/wp-json\/wp\/v2\/tags?post=454"}],"curies":[{"name":"wp","href":"https:\/\/api.w.org\/{rel}","templated":true}]}}